{"id":62718,"date":"2025-04-05T07:19:45","date_gmt":"2025-04-05T07:19:45","guid":{"rendered":"https:\/\/wewantgreen.pt\/?p=62718"},"modified":"2026-01-18T11:39:29","modified_gmt":"2026-01-18T11:39:29","slug":"pesqueiras-do-rio-minho-patrimonio-para-o-futuro","status":"publish","type":"post","link":"https:\/\/wewantgreen.pt\/en_gb\/territorios_habitados\/pesqueiras-do-rio-minho-patrimonio-para-o-futuro\/","title":{"rendered":"The Pesqueiras of the Minho River \u2014 Ancestral Engineering and Living Memory"},"content":{"rendered":"<hr \/>\n<h2 data-start=\"503\" data-end=\"567\">Engineering, memory and survival<\/h2>\n<p data-start=\"569\" data-end=\"814\">engineering, memory, and survival\nThe pesqueiras of the Minho River form a precious heritage, valued not only for the ingenuity of their construction and their age, but also for the vital role they have played over centuries in sustaining the riverside communities. \nBetween Mon\u00e7\u00e3o and Melga\u00e7o, along a roughly 37-kilometre stretch where the waters run most fiercely, around 900 pesqueiras can be found, of which approximately 250 remain active. They are discreet yet powerful traces of a long-standing relationship between humans, the river, and time.<\/p>\n<p><strong><img loading=\"lazy\" decoding=\"async\" class=\"aligncenter size-full wp-image-62720\" src=\"https:\/\/wewantgreen.pt\/wp-content\/uploads\/2025\/04\/IMG_4249.jpeg\" alt=\"\" width=\"1050\" height=\"591\" srcset=\"https:\/\/wewantgreen.pt\/wp-content\/uploads\/2025\/04\/IMG_4249.jpeg 1050w, https:\/\/wewantgreen.pt\/wp-content\/uploads\/2025\/04\/IMG_4249-980x552.jpeg 980w, https:\/\/wewantgreen.pt\/wp-content\/uploads\/2025\/04\/IMG_4249-480x270.jpeg 480w\" sizes=\"(min-width: 0px) and (max-width: 480px) 480px, (min-width: 481px) and (max-width: 980px) 980px, (min-width: 981px) 1050px, 100vw\" \/><\/strong><\/p>\n<h2 data-start=\"1095\" data-end=\"1132\">A history spanning centuries<\/h2>\n<p data-start=\"1134\" data-end=\"1490\">The earliest written records of their existence date back to 1071, confirming their long permanence in the territory. Some theories suggest an even older origin, proposing that certain pesqueiras may have been built by the Romans, drawing on their advanced knowledge of hydraulic engineering.<br \/>\nSupporting this hypothesis is the historical importance of the lamprey \u2014 the river\u2019s most coveted fish \u2014 which, according to ancient sources, was once transported alive to Rome in carts, stored in large clay containers.<br \/>\nLater, monasteries played a central role in promoting and maintaining these structures, ensuring food supply for communities, especially during Lent. Today, the pesqueiras survive primarily associated with lamprey fishing, though this species is increasingly scarce.<\/p>\n<p><strong><img loading=\"lazy\" decoding=\"async\" class=\"aligncenter size-full wp-image-62721\" src=\"https:\/\/wewantgreen.pt\/wp-content\/uploads\/2025\/04\/IMG_4239.jpeg\" alt=\"\" width=\"1250\" height=\"703\" srcset=\"https:\/\/wewantgreen.pt\/wp-content\/uploads\/2025\/04\/IMG_4239.jpeg 1250w, https:\/\/wewantgreen.pt\/wp-content\/uploads\/2025\/04\/IMG_4239-980x551.jpeg 980w, https:\/\/wewantgreen.pt\/wp-content\/uploads\/2025\/04\/IMG_4239-480x270.jpeg 480w\" sizes=\"(min-width: 0px) and (max-width: 480px) 480px, (min-width: 481px) and (max-width: 980px) 980px, (min-width: 981px) 1250px, 100vw\" \/><\/strong><\/p>\n<h2 data-start=\"2054\" data-end=\"2089\">Community and river governance<\/h2>\n<p data-start=\"2091\" data-end=\"2263\">The ownership of the pesqueiras is relatively complex but functional. Most belong to multiple owners, one of whom is designated Patr\u00e3o da Pesqueira.<br \/>\nFishing activity is organized through a rotational system that defines each participant\u2019s fishing days, ensuring balance, continuity, and respect for a community logic passed down through generations.<br \/>\nHere, the river is not merely a resource: it is a shared space, regulated by social practices as important as the technique itself.<\/p>\n<p><strong><img loading=\"lazy\" decoding=\"async\" class=\"aligncenter size-full wp-image-62705\" src=\"https:\/\/wewantgreen.pt\/wp-content\/uploads\/2025\/03\/IMG_4193.jpeg\" alt=\"\" width=\"1125\" height=\"633\" srcset=\"https:\/\/wewantgreen.pt\/wp-content\/uploads\/2025\/03\/IMG_4193.jpeg 1125w, https:\/\/wewantgreen.pt\/wp-content\/uploads\/2025\/03\/IMG_4193-980x551.jpeg 980w, https:\/\/wewantgreen.pt\/wp-content\/uploads\/2025\/03\/IMG_4193-480x270.jpeg 480w\" sizes=\"(min-width: 0px) and (max-width: 480px) 480px, (min-width: 481px) and (max-width: 980px) 980px, (min-width: 981px) 1125px, 100vw\" \/><\/strong><\/p>\n<h2 data-start=\"2616\" data-end=\"2636\">A Living heritage<\/h2>\n<p data-start=\"2638\" data-end=\"2758\">The pesqueiras offer a fascinating heritage, where ancestral engineering, traditional knowledge, and collective memory intersect.<br \/>\nThey are not ruins, but living devices of human interaction with the territory. Preserving and valuing them means acknowledging a river culture that has endured for centuries and continues to shape the human landscape of the Minho.<br \/>\nDiscovering them is entering a silent dialogue between water, stone, labour, and time.<\/p>","protected":false},"excerpt":{"rendered":"<p>Engenharia, mem\u00f3ria e sobreviv\u00eancia As pesqueiras do rio Minho constituem um patrim\u00f3nio precioso, n\u00e3o apenas pelo engenho das suas constru\u00e7\u00f5es e pela sua antiguidade, mas sobretudo pelo papel vital que desempenharam, ao longo de s\u00e9culos, na subsist\u00eancia das popula\u00e7\u00f5es ribeirinhas. Entre Mon\u00e7\u00e3o e Melga\u00e7o, num tro\u00e7o de cerca de 37 quil\u00f3metros onde as \u00e1guas correm [&hellip;]<\/p>\n","protected":false},"author":3,"featured_media":62719,"comment_status":"closed","ping_status":"closed","sticky":false,"template":"","format":"standard","meta":{"_acf_changed":false,"_et_pb_use_builder":"","_et_pb_old_content":"","_et_gb_content_width":"","footnotes":""},"categories":[32],"tags":[],"class_list":["post-62718","post","type-post","status-publish","format-standard","has-post-thumbnail","hentry","category-territorios_habitados"],"acf":[],"yoast_head":"<!-- This site is optimized with the Yoast SEO plugin v27.5 - https:\/\/yoast.com\/product\/yoast-seo-wordpress\/ -->\n<title>As Pesqueiras do Rio Minho \u2014 Engenharia Ancestral e Mem\u00f3ria Viva | We Want Green<\/title>\n<meta name=\"robots\" content=\"index, follow, max-snippet:-1, max-image-preview:large, max-video-preview:-1\" \/>\n<link rel=\"canonical\" href=\"https:\/\/wewantgreen.pt\/en_gb\/territorios_habitados\/pesqueiras-do-rio-minho-patrimonio-para-o-futuro\/\" \/>\n<meta property=\"og:locale\" content=\"en_GB\" \/>\n<meta property=\"og:type\" content=\"article\" \/>\n<meta property=\"og:title\" content=\"As Pesqueiras do Rio Minho \u2014 Engenharia Ancestral e Mem\u00f3ria Viva | We Want Green\" \/>\n<meta property=\"og:description\" content=\"Engenharia, mem\u00f3ria e sobreviv\u00eancia As pesqueiras do rio Minho constituem um patrim\u00f3nio precioso, n\u00e3o apenas pelo engenho das suas constru\u00e7\u00f5es e pela sua antiguidade, mas sobretudo pelo papel vital que desempenharam, ao longo de s\u00e9culos, na subsist\u00eancia das popula\u00e7\u00f5es ribeirinhas. Entre Mon\u00e7\u00e3o e Melga\u00e7o, num tro\u00e7o de cerca de 37 quil\u00f3metros onde as \u00e1guas correm [&hellip;]\" \/>\n<meta property=\"og:url\" content=\"https:\/\/wewantgreen.pt\/en_gb\/territorios_habitados\/pesqueiras-do-rio-minho-patrimonio-para-o-futuro\/\" \/>\n<meta property=\"og:site_name\" content=\"We Want Green\" \/>\n<meta property=\"article:publisher\" content=\"https:\/\/www.facebook.com\/wewantgreen1\" \/>\n<meta property=\"article:published_time\" content=\"2025-04-05T07:19:45+00:00\" \/>\n<meta property=\"article:modified_time\" content=\"2026-01-18T11:39:29+00:00\" \/>\n<meta property=\"og:image\" content=\"https:\/\/wewantgreen.pt\/wp-content\/uploads\/2025\/04\/IMG_4242.jpeg\" \/>\n\t<meta property=\"og:image:width\" content=\"1050\" \/>\n\t<meta property=\"og:image:height\" content=\"591\" \/>\n\t<meta property=\"og:image:type\" content=\"image\/jpeg\" \/>\n<meta name=\"author\" content=\"Carlos Afonso\" \/>\n<meta name=\"twitter:card\" content=\"summary_large_image\" \/>\n<meta name=\"twitter:label1\" content=\"Written by\" \/>\n\t<meta name=\"twitter:data1\" content=\"Carlos Afonso\" \/>\n\t<meta name=\"twitter:label2\" content=\"Estimated reading time\" \/>\n\t<meta name=\"twitter:data2\" content=\"2 minutes\" \/>\n<script type=\"application\/ld+json\" class=\"yoast-schema-graph\">{\"@context\":\"https:\\\/\\\/schema.org\",\"@graph\":[{\"@type\":\"Article\",\"@id\":\"https:\\\/\\\/wewantgreen.pt\\\/territorios_habitados\\\/pesqueiras-do-rio-minho-patrimonio-para-o-futuro\\\/#article\",\"isPartOf\":{\"@id\":\"https:\\\/\\\/wewantgreen.pt\\\/territorios_habitados\\\/pesqueiras-do-rio-minho-patrimonio-para-o-futuro\\\/\"},\"author\":{\"name\":\"Carlos Afonso\",\"@id\":\"https:\\\/\\\/wewantgreen.pt\\\/#\\\/schema\\\/person\\\/08230fc7c789ddc906c1378752654740\"},\"headline\":\"As Pesqueiras do Rio Minho \u2014 Engenharia Ancestral e Mem\u00f3ria Viva\",\"datePublished\":\"2025-04-05T07:19:45+00:00\",\"dateModified\":\"2026-01-18T11:39:29+00:00\",\"mainEntityOfPage\":{\"@id\":\"https:\\\/\\\/wewantgreen.pt\\\/territorios_habitados\\\/pesqueiras-do-rio-minho-patrimonio-para-o-futuro\\\/\"},\"wordCount\":430,\"publisher\":{\"@id\":\"https:\\\/\\\/wewantgreen.pt\\\/#organization\"},\"image\":{\"@id\":\"https:\\\/\\\/wewantgreen.pt\\\/territorios_habitados\\\/pesqueiras-do-rio-minho-patrimonio-para-o-futuro\\\/#primaryimage\"},\"thumbnailUrl\":\"https:\\\/\\\/wewantgreen.pt\\\/wp-content\\\/uploads\\\/2025\\\/04\\\/IMG_4242.jpeg\",\"articleSection\":[\"Territ\u00f3rios Habitados\"],\"inLanguage\":\"en-GB\"},{\"@type\":\"WebPage\",\"@id\":\"https:\\\/\\\/wewantgreen.pt\\\/territorios_habitados\\\/pesqueiras-do-rio-minho-patrimonio-para-o-futuro\\\/\",\"url\":\"https:\\\/\\\/wewantgreen.pt\\\/territorios_habitados\\\/pesqueiras-do-rio-minho-patrimonio-para-o-futuro\\\/\",\"name\":\"As Pesqueiras do Rio Minho \u2014 Engenharia Ancestral e Mem\u00f3ria Viva | We Want Green\",\"isPartOf\":{\"@id\":\"https:\\\/\\\/wewantgreen.pt\\\/#website\"},\"primaryImageOfPage\":{\"@id\":\"https:\\\/\\\/wewantgreen.pt\\\/territorios_habitados\\\/pesqueiras-do-rio-minho-patrimonio-para-o-futuro\\\/#primaryimage\"},\"image\":{\"@id\":\"https:\\\/\\\/wewantgreen.pt\\\/territorios_habitados\\\/pesqueiras-do-rio-minho-patrimonio-para-o-futuro\\\/#primaryimage\"},\"thumbnailUrl\":\"https:\\\/\\\/wewantgreen.pt\\\/wp-content\\\/uploads\\\/2025\\\/04\\\/IMG_4242.jpeg\",\"datePublished\":\"2025-04-05T07:19:45+00:00\",\"dateModified\":\"2026-01-18T11:39:29+00:00\",\"breadcrumb\":{\"@id\":\"https:\\\/\\\/wewantgreen.pt\\\/territorios_habitados\\\/pesqueiras-do-rio-minho-patrimonio-para-o-futuro\\\/#breadcrumb\"},\"inLanguage\":\"en-GB\",\"potentialAction\":[{\"@type\":\"ReadAction\",\"target\":[\"https:\\\/\\\/wewantgreen.pt\\\/territorios_habitados\\\/pesqueiras-do-rio-minho-patrimonio-para-o-futuro\\\/\"]}]},{\"@type\":\"ImageObject\",\"inLanguage\":\"en-GB\",\"@id\":\"https:\\\/\\\/wewantgreen.pt\\\/territorios_habitados\\\/pesqueiras-do-rio-minho-patrimonio-para-o-futuro\\\/#primaryimage\",\"url\":\"https:\\\/\\\/wewantgreen.pt\\\/wp-content\\\/uploads\\\/2025\\\/04\\\/IMG_4242.jpeg\",\"contentUrl\":\"https:\\\/\\\/wewantgreen.pt\\\/wp-content\\\/uploads\\\/2025\\\/04\\\/IMG_4242.jpeg\",\"width\":1050,\"height\":591},{\"@type\":\"BreadcrumbList\",\"@id\":\"https:\\\/\\\/wewantgreen.pt\\\/territorios_habitados\\\/pesqueiras-do-rio-minho-patrimonio-para-o-futuro\\\/#breadcrumb\",\"itemListElement\":[{\"@type\":\"ListItem\",\"position\":1,\"name\":\"Home\",\"item\":\"https:\\\/\\\/wewantgreen.pt\\\/\"},{\"@type\":\"ListItem\",\"position\":2,\"name\":\"As Pesqueiras do Rio Minho \u2014 Engenharia Ancestral e Mem\u00f3ria Viva\"}]},{\"@type\":\"WebSite\",\"@id\":\"https:\\\/\\\/wewantgreen.pt\\\/#website\",\"url\":\"https:\\\/\\\/wewantgreen.pt\\\/\",\"name\":\"We Want Green\",\"description\":\"We Want Green \u00e9 desacelera\u00e7\u00e3o do movimento, \u00e9 promo\u00e7\u00e3o da viagem em passo lento.\",\"publisher\":{\"@id\":\"https:\\\/\\\/wewantgreen.pt\\\/#organization\"},\"alternateName\":\"WWG - Be a Transformative Mind\",\"potentialAction\":[{\"@type\":\"SearchAction\",\"target\":{\"@type\":\"EntryPoint\",\"urlTemplate\":\"https:\\\/\\\/wewantgreen.pt\\\/?s={search_term_string}\"},\"query-input\":{\"@type\":\"PropertyValueSpecification\",\"valueRequired\":true,\"valueName\":\"search_term_string\"}}],\"inLanguage\":\"en-GB\"},{\"@type\":\"Organization\",\"@id\":\"https:\\\/\\\/wewantgreen.pt\\\/#organization\",\"name\":\"We Want Green - Be a Transformative Mind\",\"url\":\"https:\\\/\\\/wewantgreen.pt\\\/\",\"logo\":{\"@type\":\"ImageObject\",\"inLanguage\":\"en-GB\",\"@id\":\"https:\\\/\\\/wewantgreen.pt\\\/#\\\/schema\\\/logo\\\/image\\\/\",\"url\":\"https:\\\/\\\/wewantgreen.pt\\\/wp-content\\\/uploads\\\/2025\\\/01\\\/logo_www_2025_1.png\",\"contentUrl\":\"https:\\\/\\\/wewantgreen.pt\\\/wp-content\\\/uploads\\\/2025\\\/01\\\/logo_www_2025_1.png\",\"width\":850,\"height\":400,\"caption\":\"We Want Green - Be a Transformative Mind\"},\"image\":{\"@id\":\"https:\\\/\\\/wewantgreen.pt\\\/#\\\/schema\\\/logo\\\/image\\\/\"},\"sameAs\":[\"https:\\\/\\\/www.facebook.com\\\/wewantgreen1\",\"https:\\\/\\\/www.instagram.com\\\/wewantgreen1\\\/\"]},{\"@type\":\"Person\",\"@id\":\"https:\\\/\\\/wewantgreen.pt\\\/#\\\/schema\\\/person\\\/08230fc7c789ddc906c1378752654740\",\"name\":\"Carlos Afonso\",\"image\":{\"@type\":\"ImageObject\",\"inLanguage\":\"en-GB\",\"@id\":\"https:\\\/\\\/secure.gravatar.com\\\/avatar\\\/ddf1c28bc77612602b5da1ce59d43635f27a224b0131e8df1f5bfd3f614446fe?s=96&d=mm&r=g\",\"url\":\"https:\\\/\\\/secure.gravatar.com\\\/avatar\\\/ddf1c28bc77612602b5da1ce59d43635f27a224b0131e8df1f5bfd3f614446fe?s=96&d=mm&r=g\",\"contentUrl\":\"https:\\\/\\\/secure.gravatar.com\\\/avatar\\\/ddf1c28bc77612602b5da1ce59d43635f27a224b0131e8df1f5bfd3f614446fe?s=96&d=mm&r=g\",\"caption\":\"Carlos Afonso\"},\"url\":\"https:\\\/\\\/wewantgreen.pt\\\/en_gb\\\/author\\\/carlos\\\/\"}]}<\/script>\n<!-- \/ Yoast SEO plugin. -->","yoast_head_json":{"title":"As Pesqueiras do Rio Minho \u2014 Engenharia Ancestral e Mem\u00f3ria Viva | We Want Green","robots":{"index":"index","follow":"follow","max-snippet":"max-snippet:-1","max-image-preview":"max-image-preview:large","max-video-preview":"max-video-preview:-1"},"canonical":"https:\/\/wewantgreen.pt\/en_gb\/territorios_habitados\/pesqueiras-do-rio-minho-patrimonio-para-o-futuro\/","og_locale":"en_GB","og_type":"article","og_title":"As Pesqueiras do Rio Minho \u2014 Engenharia Ancestral e Mem\u00f3ria Viva | We Want Green","og_description":"Engenharia, mem\u00f3ria e sobreviv\u00eancia As pesqueiras do rio Minho constituem um patrim\u00f3nio precioso, n\u00e3o apenas pelo engenho das suas constru\u00e7\u00f5es e pela sua antiguidade, mas sobretudo pelo papel vital que desempenharam, ao longo de s\u00e9culos, na subsist\u00eancia das popula\u00e7\u00f5es ribeirinhas. Entre Mon\u00e7\u00e3o e Melga\u00e7o, num tro\u00e7o de cerca de 37 quil\u00f3metros onde as \u00e1guas correm [&hellip;]","og_url":"https:\/\/wewantgreen.pt\/en_gb\/territorios_habitados\/pesqueiras-do-rio-minho-patrimonio-para-o-futuro\/","og_site_name":"We Want Green","article_publisher":"https:\/\/www.facebook.com\/wewantgreen1","article_published_time":"2025-04-05T07:19:45+00:00","article_modified_time":"2026-01-18T11:39:29+00:00","og_image":[{"width":1050,"height":591,"url":"https:\/\/wewantgreen.pt\/wp-content\/uploads\/2025\/04\/IMG_4242.jpeg","type":"image\/jpeg"}],"author":"Carlos Afonso","twitter_card":"summary_large_image","twitter_misc":{"Written by":"Carlos Afonso","Estimated reading time":"2 minutes"},"schema":{"@context":"https:\/\/schema.org","@graph":[{"@type":"Article","@id":"https:\/\/wewantgreen.pt\/territorios_habitados\/pesqueiras-do-rio-minho-patrimonio-para-o-futuro\/#article","isPartOf":{"@id":"https:\/\/wewantgreen.pt\/territorios_habitados\/pesqueiras-do-rio-minho-patrimonio-para-o-futuro\/"},"author":{"name":"Carlos Afonso","@id":"https:\/\/wewantgreen.pt\/#\/schema\/person\/08230fc7c789ddc906c1378752654740"},"headline":"As Pesqueiras do Rio Minho \u2014 Engenharia Ancestral e Mem\u00f3ria Viva","datePublished":"2025-04-05T07:19:45+00:00","dateModified":"2026-01-18T11:39:29+00:00","mainEntityOfPage":{"@id":"https:\/\/wewantgreen.pt\/territorios_habitados\/pesqueiras-do-rio-minho-patrimonio-para-o-futuro\/"},"wordCount":430,"publisher":{"@id":"https:\/\/wewantgreen.pt\/#organization"},"image":{"@id":"https:\/\/wewantgreen.pt\/territorios_habitados\/pesqueiras-do-rio-minho-patrimonio-para-o-futuro\/#primaryimage"},"thumbnailUrl":"https:\/\/wewantgreen.pt\/wp-content\/uploads\/2025\/04\/IMG_4242.jpeg","articleSection":["Territ\u00f3rios Habitados"],"inLanguage":"en-GB"},{"@type":"WebPage","@id":"https:\/\/wewantgreen.pt\/territorios_habitados\/pesqueiras-do-rio-minho-patrimonio-para-o-futuro\/","url":"https:\/\/wewantgreen.pt\/territorios_habitados\/pesqueiras-do-rio-minho-patrimonio-para-o-futuro\/","name":"As Pesqueiras do Rio Minho \u2014 Engenharia Ancestral e Mem\u00f3ria Viva | We Want Green","isPartOf":{"@id":"https:\/\/wewantgreen.pt\/#website"},"primaryImageOfPage":{"@id":"https:\/\/wewantgreen.pt\/territorios_habitados\/pesqueiras-do-rio-minho-patrimonio-para-o-futuro\/#primaryimage"},"image":{"@id":"https:\/\/wewantgreen.pt\/territorios_habitados\/pesqueiras-do-rio-minho-patrimonio-para-o-futuro\/#primaryimage"},"thumbnailUrl":"https:\/\/wewantgreen.pt\/wp-content\/uploads\/2025\/04\/IMG_4242.jpeg","datePublished":"2025-04-05T07:19:45+00:00","dateModified":"2026-01-18T11:39:29+00:00","breadcrumb":{"@id":"https:\/\/wewantgreen.pt\/territorios_habitados\/pesqueiras-do-rio-minho-patrimonio-para-o-futuro\/#breadcrumb"},"inLanguage":"en-GB","potentialAction":[{"@type":"ReadAction","target":["https:\/\/wewantgreen.pt\/territorios_habitados\/pesqueiras-do-rio-minho-patrimonio-para-o-futuro\/"]}]},{"@type":"ImageObject","inLanguage":"en-GB","@id":"https:\/\/wewantgreen.pt\/territorios_habitados\/pesqueiras-do-rio-minho-patrimonio-para-o-futuro\/#primaryimage","url":"https:\/\/wewantgreen.pt\/wp-content\/uploads\/2025\/04\/IMG_4242.jpeg","contentUrl":"https:\/\/wewantgreen.pt\/wp-content\/uploads\/2025\/04\/IMG_4242.jpeg","width":1050,"height":591},{"@type":"BreadcrumbList","@id":"https:\/\/wewantgreen.pt\/territorios_habitados\/pesqueiras-do-rio-minho-patrimonio-para-o-futuro\/#breadcrumb","itemListElement":[{"@type":"ListItem","position":1,"name":"Home","item":"https:\/\/wewantgreen.pt\/"},{"@type":"ListItem","position":2,"name":"As Pesqueiras do Rio Minho \u2014 Engenharia Ancestral e Mem\u00f3ria Viva"}]},{"@type":"WebSite","@id":"https:\/\/wewantgreen.pt\/#website","url":"https:\/\/wewantgreen.pt\/","name":"We Want Green","description":"We Want Green is about slowing down the movement, about travelling at a slow pace.","publisher":{"@id":"https:\/\/wewantgreen.pt\/#organization"},"alternateName":"WWG - Be a Transformative Mind","potentialAction":[{"@type":"SearchAction","target":{"@type":"EntryPoint","urlTemplate":"https:\/\/wewantgreen.pt\/?s={search_term_string}"},"query-input":{"@type":"PropertyValueSpecification","valueRequired":true,"valueName":"search_term_string"}}],"inLanguage":"en-GB"},{"@type":"Organization","@id":"https:\/\/wewantgreen.pt\/#organization","name":"We Want Green - Be a Transformative Mind","url":"https:\/\/wewantgreen.pt\/","logo":{"@type":"ImageObject","inLanguage":"en-GB","@id":"https:\/\/wewantgreen.pt\/#\/schema\/logo\/image\/","url":"https:\/\/wewantgreen.pt\/wp-content\/uploads\/2025\/01\/logo_www_2025_1.png","contentUrl":"https:\/\/wewantgreen.pt\/wp-content\/uploads\/2025\/01\/logo_www_2025_1.png","width":850,"height":400,"caption":"We Want Green - Be a Transformative Mind"},"image":{"@id":"https:\/\/wewantgreen.pt\/#\/schema\/logo\/image\/"},"sameAs":["https:\/\/www.facebook.com\/wewantgreen1","https:\/\/www.instagram.com\/wewantgreen1\/"]},{"@type":"Person","@id":"https:\/\/wewantgreen.pt\/#\/schema\/person\/08230fc7c789ddc906c1378752654740","name":"Who we are","image":{"@type":"ImageObject","inLanguage":"en-GB","@id":"https:\/\/secure.gravatar.com\/avatar\/ddf1c28bc77612602b5da1ce59d43635f27a224b0131e8df1f5bfd3f614446fe?s=96&d=mm&r=g","url":"https:\/\/secure.gravatar.com\/avatar\/ddf1c28bc77612602b5da1ce59d43635f27a224b0131e8df1f5bfd3f614446fe?s=96&d=mm&r=g","contentUrl":"https:\/\/secure.gravatar.com\/avatar\/ddf1c28bc77612602b5da1ce59d43635f27a224b0131e8df1f5bfd3f614446fe?s=96&d=mm&r=g","caption":"Carlos Afonso"},"url":"https:\/\/wewantgreen.pt\/en_gb\/author\/carlos\/"}]}},"_links":{"self":[{"href":"https:\/\/wewantgreen.pt\/en_gb\/wp-json\/wp\/v2\/posts\/62718","targetHints":{"allow":["GET"]}}],"collection":[{"href":"https:\/\/wewantgreen.pt\/en_gb\/wp-json\/wp\/v2\/posts"}],"about":[{"href":"https:\/\/wewantgreen.pt\/en_gb\/wp-json\/wp\/v2\/types\/post"}],"author":[{"embeddable":true,"href":"https:\/\/wewantgreen.pt\/en_gb\/wp-json\/wp\/v2\/users\/3"}],"replies":[{"embeddable":true,"href":"https:\/\/wewantgreen.pt\/en_gb\/wp-json\/wp\/v2\/comments?post=62718"}],"version-history":[{"count":11,"href":"https:\/\/wewantgreen.pt\/en_gb\/wp-json\/wp\/v2\/posts\/62718\/revisions"}],"predecessor-version":[{"id":63571,"href":"https:\/\/wewantgreen.pt\/en_gb\/wp-json\/wp\/v2\/posts\/62718\/revisions\/63571"}],"wp:featuredmedia":[{"embeddable":true,"href":"https:\/\/wewantgreen.pt\/en_gb\/wp-json\/wp\/v2\/media\/62719"}],"wp:attachment":[{"href":"https:\/\/wewantgreen.pt\/en_gb\/wp-json\/wp\/v2\/media?parent=62718"}],"wp:term":[{"taxonomy":"category","embeddable":true,"href":"https:\/\/wewantgreen.pt\/en_gb\/wp-json\/wp\/v2\/categories?post=62718"},{"taxonomy":"post_tag","embeddable":true,"href":"https:\/\/wewantgreen.pt\/en_gb\/wp-json\/wp\/v2\/tags?post=62718"}],"curies":[{"name":"wp","href":"https:\/\/api.w.org\/{rel}","templated":true}]}}